{"id":2120,"date":"2013-06-22T18:11:07","date_gmt":"2013-06-22T18:11:07","guid":{"rendered":"https:\/\/kotarbinski.wordpress.com\/?p=2120"},"modified":"2019-02-14T19:21:02","modified_gmt":"2019-02-14T19:21:02","slug":"stan-swiadomosci","status":"publish","type":"post","link":"https:\/\/kotarbinski.com\/blogomarketingu\/stan-swiadomosci\/","title":{"rendered":"Stan \u015bwiadomo\u015bci"},"content":{"rendered":"<p style=\"text-align:justify;\">Poranne \u015bniadanie. Grupki starszych Niemc\u00f3w, powoli schodz\u0105 si\u0119 do restauracji w hotelu Ibis Stare Miasto w Warszawie. Z talerzykami, miseczkami i sztu\u0107cami siadaj\u0105 twarz\u0105 do okien. Jedz\u0105 w milczeniu. Naprzeciwko widnieje Pomnik Pomordowanym i Poleg\u0142ym na Wschodzie. Krzy\u017ce na kolejowej platformie. Nie spos\u00f3b ich nie widzie\u0107. Co my\u015bl\u0105 Ci ludzie? Czy maj\u0105 jak\u0105kolwiek refleksj\u0119, \u017ce Polska by\u0142a eksterminowana z obu stron?<\/p>\n<p style=\"text-align:center;\"><img loading=\"lazy\" decoding=\"async\" class=\"aligncenter\" alt=\"\" src=\"https:\/\/www.fotografie-warszawa.znaker.com\/wp-content\/uploads\/2009\/12\/Pomnik-Poleg%C4%B9%E2%80%9Aym-warszawa.jpg\" width=\"489\" height=\"326\" \/><\/p>\n<p style=\"text-align:justify;\">Kiedy pojawi\u0142y si\u0119 pierwsze wzmianki o filmie &#8222;<a href=\"https:\/\/www.filmweb.pl\/serial\/Nasze+matki,+nasi+ojcowie-2013-625585\">Unsere M\u00fctter, unsere V\u00e4ter<\/a>&#8221; uda\u0142o mi si\u0119 obejrze\u0107 go w oryginale. Sama historia przypomina\u0142a mi polski film &#8222;<a href=\"https:\/\/www.filmweb.pl\/film\/Jutro+idziemy+do+kina-2007-403524\">Jutro idziemy do kina<\/a>&#8222;. Produkcj\u0119 ZDF zrealizowano rzeczywi\u015bcie z rozmachem i kanonem wsp\u00f3\u0142czesnych produkcji wojennych. Niemniej dyskusje i protesty, kt\u00f3re pojawi\u0142y si\u0119 po niemieckiej i w tym tygodniu &#8211; polskiej emisji filmu, obudzi\u0142y demony stereotyp\u00f3w, kt\u00f3re dr\u0105\u017c\u0105 jak korniki umys\u0142y obojga narod\u00f3w. Wiele o nich dyskutowano, cz\u0119sto chaotycznie, emocje bra\u0142y g\u00f3r\u0119. Zapomniano o jednym &#8211; \u017ar\u00f3d\u0142ach ich powstania.<\/p>\n<p style=\"text-align:justify;\">Wiele lat temu polubi\u0142em literatur\u0119 <a href=\"https:\/\/pl.wikipedia.org\/wiki\/Hans_Hellmut_Kirst\">Kirsta<\/a>. Zawsze interesowa\u0142y mnie mechanizmy ow\u0142adni\u0119cia narodu jak\u0105\u015b skrajn\u0105 ideologi\u0105. Jak to by\u0142o mo\u017cliwe, \u017ce nieomal\u017ce ca\u0142e spo\u0142ecze\u0144stwo zafascynowa\u0142o si\u0119 nazizmem? A mo\u017ce cz\u0119\u015b\u0107 po prostu ba\u0142a si\u0119 przyzna\u0107 \u017ce my\u015bli inaczej? Tw\u00f3rcy systemu wykorzystali \u00f3wcze\u015bnie wszelkie dost\u0119pne narz\u0119dzia i wiedz\u0119 o masowej propagandzie, by zmienia\u0107 spo\u0142eczne pogl\u0105dy i nastawienie. Wyprano po prostu m\u00f3zg ca\u0142emu narodowi, rozbudowuj\u0105c r\u00f3wnocze\u015bnie system kontroli i terroru. A mo\u017ce dla wielu ujawniono tylko ukryte, nacjonalistyczne aspiracje? Po stronie wschodniej, system sowiecki robi\u0142 dok\u0142adnie to samo. Nasza \u015bwiadomo\u015b\u0107 by\u0142a r\u00f3wnie\u017c uwarunkowana propagandowym fa\u0142szem nazizmu i stalinizmu. Przez ca\u0142y okres socjalizmu, karmiono Polaka ideologicznym mitem \u017co\u0142nierza polskiego &#8211; nieustraszonego bohatera- zwyci\u0119zc\u0119 i \u017co\u0142nierza niemieckiego &#8211; fanatycznego nazisty, mordercy i bezrefleksyjnego kata. Zapomniano o tym w dyskusjach po emisji filmu &#8222;Nasze matki, nasi ojcowie&#8221;. W socjalistycznej Polsce nie by\u0142o miejsca na wojenne filmy dyskusyjne, nie mieli\u015bmy naszego &#8222;<a href=\"https:\/\/www.filmweb.pl\/Pluton\">Plutonu<\/a>&#8222;, &#8222;<a href=\"https:\/\/www.filmweb.pl\/Czas.Apokalipsy\">Czasu Apokalipsy<\/a>&#8221; czy &#8222;<a href=\"https:\/\/www.filmweb.pl\/film\/Full+Metal+Jacket-1987-8625\">Full Metal Jacket<\/a>&#8222;. By\u0142y za to epopeje, filmy martyrologiczne, przygodowe czy komedie, a p\u00f3\u017aniej optyka koncentrowa\u0142a si\u0119 na relacjach AK-AL czy sowieckich prze\u015bladowaniach. Niemiec w polskiej kinematografii wojennej prezentowany by\u0142 najcz\u0119\u015bciej jako zaci\u0119ty nazista. Polak z kolei w kinematografii nigdy nie by\u0142 antysemit\u0105. Dopiero filmy &#8222;<a href=\"https:\/\/www.filmweb.pl\/film\/Pok\u0142osie-2012-624892\">Pok\u0142osie<\/a>&#8221; czy &#8222;<a href=\"https:\/\/www.filmweb.pl\/film\/W+ciemno\u015bci-2011-525620\">W ciemno\u015bci<\/a>&#8221; ujawniaj\u0105 t\u0119 kwesti\u0119.<\/p>\n<p style=\"text-align:justify;\">Problematyk\u0119 relacji polsko-niemieckich poruszaj\u0105 &#8222;<a href=\"https:\/\/pl.wikipedia.org\/wiki\/S\u0105siedzi_(film_1969)\">S\u0105siedzi<\/a>&#8221; czy cho\u0107by klasyk &#8222;<a href=\"https:\/\/pl.wikipedia.org\/wiki\/Wolne_miasto_(film)\">Wolne Miasto<\/a>&#8222;. Wsp\u00f3\u0142cze\u015bnie bliskie im s\u0105 &#8222;<a href=\"https:\/\/www.filmweb.pl\/Wrozby.Kumaka\">Wr\u00f3\u017cby kumaka<\/a>&#8222;. Ale trudno w nich doszukiwa\u0107 si\u0119 obiektywizmu. Temat ukazania skomplikowanych relacji s\u0105siedzkich wci\u0105\u017c czeka na swojego tw\u00f3rc\u0119. Zawsze wyobra\u017ca\u0142em sobie film o Gda\u0144sku, \u0142\u0105cz\u0105cy obron\u0119 Poczty Polskiej i Westerplatte, zrealizowany w konwencji &#8222;<a href=\"https:\/\/www.filmweb.pl\/Sztandar.Chwaly\">Sztandar Chwa\u0142y<\/a>&#8222;\/ &#8222;<a href=\"https:\/\/www.filmweb.pl\/Listy.Z.Iwo.Jimy\">Listy z Iwo Jimy<\/a>&#8221; czyli r\u00f3wnoczesna perspektywa obu stron. Polsko-niemiecka produkcja o Gda\u0144sku mog\u0142aby sta\u0107 si\u0119 przyczynkiem do obalania stereotyp\u00f3w. Polacy i Niemcy nadal zbyt ma\u0142o o sobie wiedz\u0105.<\/p>\n<!-- AddThis Advanced Settings generic via filter on the_content --><!-- AddThis Share Buttons generic via filter on the_content -->","protected":false},"excerpt":{"rendered":"<p>Poranne \u015bniadanie. Grupki starszych Niemc\u00f3w, powoli schodz\u0105 si\u0119 do restauracji w hotelu Ibis Stare Miasto w Warszawie. Z talerzykami, miseczkami [&hellip;]<!-- AddThis Advanced Settings generic via filter on get_the_excerpt --><!-- AddThis Share Buttons generic via filter on get_the_excerpt --><\/p>\n","protected":false},"author":1,"featured_media":0,"comment_status":"open","ping_status":"open","sticky":false,"template":"","format":"standard","meta":{"om_disable_all_campaigns":false,"_exactmetrics_skip_tracking":false,"_exactmetrics_sitenote_active":false,"_exactmetrics_sitenote_note":"","_exactmetrics_sitenote_category":0,"_monsterinsights_skip_tracking":false,"_monsterinsights_sitenote_active":false,"_monsterinsights_sitenote_note":"","_monsterinsights_sitenote_category":0,"_uf_show_specific_survey":0,"_uf_disable_surveys":false,"site-sidebar-layout":"default","site-content-layout":"","ast-site-content-layout":"default","site-content-style":"default","site-sidebar-style":"default","ast-global-header-display":"","ast-banner-title-visibility":"","ast-main-header-display":"","ast-hfb-above-header-display":"","ast-hfb-below-header-display":"","ast-hfb-mobile-header-display":"","site-post-title":"","ast-breadcrumbs-content":"","ast-featured-img":"","footer-sml-layout":"","ast-disable-related-posts":"","theme-transparent-header-meta":"","adv-header-id-meta":"","stick-header-meta":"","header-above-stick-meta":"","header-main-stick-meta":"","header-below-stick-meta":"","astra-migrate-meta-layouts":"default","ast-page-background-enabled":"default","ast-page-background-meta":{"desktop":{"background-color":"var(--ast-global-color-5)","background-image":"","background-repeat":"repeat","background-position":"center center","background-size":"auto","background-attachment":"scroll","background-type":"","background-media":"","overlay-type":"","overlay-color":"","overlay-opacity":"","overlay-gradient":""},"tablet":{"background-color":"","background-image":"","background-repeat":"repeat","background-position":"center center","background-size":"auto","background-attachment":"scroll","background-type":"","background-media":"","overlay-type":"","overlay-color":"","overlay-opacity":"","overlay-gradient":""},"mobile":{"background-color":"","background-image":"","background-repeat":"repeat","background-position":"center center","background-size":"auto","background-attachment":"scroll","background-type":"","background-media":"","overlay-type":"","overlay-color":"","overlay-opacity":"","overlay-gradient":""}},"ast-content-background-meta":{"desktop":{"background-color":"var(--ast-global-color-4)","background-image":"","background-repeat":"repeat","background-position":"center center","background-size":"auto","background-attachment":"scroll","background-type":"","background-media":"","overlay-type":"","overlay-color":"","overlay-opacity":"","overlay-gradient":""},"tablet":{"background-color":"var(--ast-global-color-4)","background-image":"","background-repeat":"repeat","background-position":"center center","background-size":"auto","background-attachment":"scroll","background-type":"","background-media":"","overlay-type":"","overlay-color":"","overlay-opacity":"","overlay-gradient":""},"mobile":{"background-color":"var(--ast-global-color-4)","background-image":"","background-repeat":"repeat","background-position":"center center","background-size":"auto","background-attachment":"scroll","background-type":"","background-media":"","overlay-type":"","overlay-color":"","overlay-opacity":"","overlay-gradient":""}},"jetpack_post_was_ever_published":false,"_jetpack_newsletter_access":"","_jetpack_dont_email_post_to_subs":false,"_jetpack_newsletter_tier_id":0,"_jetpack_memberships_contains_paywalled_content":false,"_jetpack_memberships_contains_paid_content":false,"footnotes":"","jetpack_publicize_message":"","jetpack_publicize_feature_enabled":true,"jetpack_social_post_already_shared":false,"jetpack_social_options":{"image_generator_settings":{"template":"highway","default_image_id":0,"font":"","enabled":false},"version":2}},"categories":[747],"tags":[90,94,376,431,495,566,709],"class_list":["post-2120","post","type-post","status-publish","format-standard","hentry","category-marketing","tag-blog","tag-blog-o-marketingu","tag-marketing","tag-niemcy","tag-polska","tag-rynkologia","tag-zdf"],"aioseo_notices":[],"jetpack_publicize_connections":[],"jetpack_featured_media_url":"","jetpack_shortlink":"https:\/\/wp.me\/paKYj5-yc","jetpack_sharing_enabled":true,"_links":{"self":[{"href":"https:\/\/kotarbinski.com\/blogomarketingu\/wp-json\/wp\/v2\/posts\/2120","targetHints":{"allow":["GET"]}}],"collection":[{"href":"https:\/\/kotarbinski.com\/blogomarketingu\/wp-json\/wp\/v2\/posts"}],"about":[{"href":"https:\/\/kotarbinski.com\/blogomarketingu\/wp-json\/wp\/v2\/types\/post"}],"author":[{"embeddable":true,"href":"https:\/\/kotarbinski.com\/blogomarketingu\/wp-json\/wp\/v2\/users\/1"}],"replies":[{"embeddable":true,"href":"https:\/\/kotarbinski.com\/blogomarketingu\/wp-json\/wp\/v2\/comments?post=2120"}],"version-history":[{"count":1,"href":"https:\/\/kotarbinski.com\/blogomarketingu\/wp-json\/wp\/v2\/posts\/2120\/revisions"}],"predecessor-version":[{"id":5925,"href":"https:\/\/kotarbinski.com\/blogomarketingu\/wp-json\/wp\/v2\/posts\/2120\/revisions\/5925"}],"wp:attachment":[{"href":"https:\/\/kotarbinski.com\/blogomarketingu\/wp-json\/wp\/v2\/media?parent=2120"}],"wp:term":[{"taxonomy":"category","embeddable":true,"href":"https:\/\/kotarbinski.com\/blogomarketingu\/wp-json\/wp\/v2\/categories?post=2120"},{"taxonomy":"post_tag","embeddable":true,"href":"https:\/\/kotarbinski.com\/blogomarketingu\/wp-json\/wp\/v2\/tags?post=2120"}],"curies":[{"name":"wp","href":"https:\/\/api.w.org\/{rel}","templated":true}]}}