{"id":2474,"date":"2013-12-07T11:10:58","date_gmt":"2013-12-07T11:10:58","guid":{"rendered":"https:\/\/kotarbinski.wordpress.com\/?p=2474"},"modified":"2019-02-14T20:04:48","modified_gmt":"2019-02-14T20:04:48","slug":"orlipiorstwo","status":"publish","type":"post","link":"https:\/\/kotarbinski.com\/blogomarketingu\/orlipiorstwo\/","title":{"rendered":"Orlipi\u00f3rstwo"},"content":{"rendered":"<p style=\"text-align:justify;\">W udzielonym ostatnio wywiadzie dla TOK FK, Wojciech Orli\u0144ski z Gazety Wyborczej sugeruje, \u017ce wsp\u00f3\u0142czesne media staj\u0105 si\u0119 swoistym kaprysem ich w\u0142a\u015bcicieli. Przy okazji pojawia sie temat dziennikarstwa internetowego. Padaj\u0105 te\u017c nazwy kilku ujaranych bloger\u00f3w, kt\u00f3rzy zapowietrzaj\u0105 si\u0119 z tego powodu ze szcz\u0119\u015bcia. Facepalm.<\/p>\n<p style=\"text-align:justify;\"><a href=\"https:\/\/kotarbinski.com\/blogomarketingu\/wp-content\/uploads\/2013\/12\/20131207-115913.jpg\"><img loading=\"lazy\" decoding=\"async\" class=\"aligncenter\" alt=\"20131207-115913.jpg\" src=\"https:\/\/kotarbinski.com\/blogomarketingu\/wp-content\/uploads\/2013\/12\/20131207-115913.jpg\" width=\"500\" height=\"269\" \/><\/a><br \/>\nKiedy\u015b \u017ceby zosta\u0107 dziennikarzem, trzeba by\u0142o sko\u0144czy\u0107 odpowiednie studia. &#8222;Dziennikarz&#8221; nazywany przez z\u0142o\u015bliwc\u00f3w &#8222;gryzipi\u00f3rkiem&#8221; mia\u0142 mie\u0107 sprawiedliwy, rzetelny i obiektywny os\u0105d spraw kt\u00f3rymi si\u0119 zajmuje. Nie musia\u0142 by\u0107 specjalist\u0105, ale zdecydowanie z us\u0142ug owych mia\u0142 umie\u0107 korzysta\u0107. Swoim pi\u00f3rem i umys\u0142em mia\u0142 wyja\u015bnia\u0107 maluczkim meandry spo\u0142eczno\u015bci, ekonomii, sportu, nauki, kultury i sztuki. Dzi\u0119ki dziennikarskiemu trudowi i znojowi rosn\u0105\u0107 powinna by\u0142a \u015bwiadomo\u015b\u0107 narodu, kt\u00f3ry wybiera demokratycznie coraz m\u0105drzejszych ludzi na swych w\u0142odarzy. To powoduje \u017ce wszystkim \u017cyje si\u0119 spokojniej i dostatniej. Tutaj polecam obejrze\u0107 s\u0142ynn\u0105 scen\u0119 z Konopielki [ <a href=\"https:\/\/youtu.be\/FE3UEkLfHHw\">Konopielka<\/a> ].<\/p>\n<p style=\"text-align:justify;\">Dzi\u015b osoby nazywaj\u0105ce si\u0119 dziennikarzami wk\u0142adaj\u0105 obiektyw mi\u0119dzy nie swoje nogi, po czym pisz\u0105 dramatyczn\u0105 fabu\u0142\u0119 wyssan\u0105 z palca, nierzadko \u015brodkowego. Jedni tworz\u0105 historie, w kt\u00f3rych tre\u015b\u0107 nie ma znaczenia &#8211; licz\u0105 si\u0119 jedynie emocje. Inni zalewaj\u0105 ca\u0142e kolumny hermetycznymi, intelektualnymi wypocinami, kt\u00f3re rozumiej\u0105 pewnie oni sami i kilku profesor\u00f3w-pasjonat\u00f3w. W ciekawym <a href=\"https:\/\/wiadomosci.wp.pl\/kat,1329,title,Prof-Wladyslaw-Bartoszewski-Jaroslaw-Kaczynski-pluje-sam-na-siebie,wid,16226144,wiadomosc.html\">wywiadzie dla Wirtualnej Polski<\/a> kilka dni temu, prof. Bartoszewski powiedzia\u0142: <em>&#8222;(&#8230;) Nale\u017c\u0119 do tej starej generacji ludzi, w kt\u00f3rej bankowiec by\u0142 bankowcem, lekarz &#8211; lekarzem, in\u017cynier &#8211; in\u017cynierem, chemik &#8211; chemikiem, historyk &#8211; historykiem, a nikt si\u0119 nie zna\u0142 na wszystkim. Na wszystkim si\u0119 znali wariaci, szale\u0144cy, albo klienci ruch\u00f3w populistycznych&#8221;<\/em>. Dziennikarz mia\u0142 si\u0119 zna\u0107 na obiektywnym opisywaniu \u015bwiata. <strong>Dzi\u015b powinien robi\u0107 to w spos\u00f3b autorski, wiarygodny i wyj\u0105tkowy<\/strong>. Opisywa\u0107, ale niekoniecznie komentowa\u0107. Parafrazuj\u0105c bowiem wypowied\u017a Piotra Najsztuba w jednym z program\u00f3w &#8222;Tomasz Lis na \u017cywo&#8221; &#8211; kiedy\u015b dziennikarz-komentator musia\u0142 mie\u0107 odpowiednie do\u015bwiadczenie, wiedz\u0119 i wiek. Dzi\u015b dziennikarz potrafi mie\u0107 swoje zdanie na ka\u017cdy temat &#8211; niewa\u017cne czy si\u0119 na nim zna.<\/p>\n<p style=\"text-align:justify;\">Media \u017cyj\u0105 z pieni\u0119dzy czytelnik\u00f3w i wp\u0142yw\u00f3w z reklamy. Warto o tym przypomina\u0107, bo niekt\u00f3rzy okre\u015blaj\u0105c ich pogardliwie zdaj\u0105 si\u0119 o tym zapomina\u0107. Dzi\u015b nie ma medi\u00f3w bez tych grup. Tak jak kiedy\u015b nie istnia\u0142a kultura bez finansuj\u0105cych jej mo\u017cnow\u0142adc\u00f3w. Z pe\u0142nym poszanowaniem zasad chi\u0144skiego muru i oddzielenia dziennikarskich i biznesowych sfer wp\u0142yw\u00f3w. Tyle tylko, \u017ce w Polsce jest to cz\u0119sto totalna fikcja, a przyk\u0142ad\u00f3w jest a\u017c nadto. Wyciszanie konflikt\u00f3w czy kryzys\u00f3w firmowych przy pomocy dodatkowych \u015brodk\u00f3w na reklam\u0119 w mediach jest swoist\u0105 tajemnic\u0105 poliszynela &#8211; o kt\u00f3rej ani media, ani firmy nie maj\u0105 ochoty rozmawia\u0107. O zale\u017cno\u015bciach politycznych nawet nie chc\u0119 wspomina\u0107.<\/p>\n<p style=\"text-align:justify;\">Je\u015bli Jeff Bezos zamieni Washington Post w reklamow\u0105 gazetk\u0119 Amazona to ludzie zaczn\u0105 kupowa\u0107 konkurencj\u0119. Albo powstanie inna gazetka. A wiarygodno\u015b\u0107 marki si\u0119gnie bruku. A to si\u0119 po prostu Jeffowi nie op\u0142aci z oczywistych wzgl\u0119d\u00f3w. Oczywi\u015bcie, Jeff mo\u017ce traktowa\u0107 to jako hobby, ale nikt nie b\u0119dzie chcia\u0142 kupowa\u0107 gazetki reklamowej, bo ona zasadniczo jest za darmo.<\/p>\n<p style=\"text-align:justify;\">I tutaj jest pies pogrzebany. Dlaczego ludzie nie chc\u0105 kupowa\u0107 tre\u015bci? Nie tylko w sieci? Czy stanowi\u0105 one dla nich warto\u015b\u0107? Czy dziennikarz pracuj\u0105cy dwa tygodnie nad artyku\u0142em dostarczy\u0142 warto\u015b\u0107 r\u00f3wn\u0105 po\u0142owie jego miesi\u0119cznej pensji? Czy je\u015bli pracuje nad wa\u017cnym spo\u0142ecznie tematem, ca\u0142kowicie nieatrakcyjnym &#8211; redakcja godzi si\u0119 na takie finansowanie? Dziennikarze nie musz\u0105 dawa\u0107 si\u0119 sprzedawa\u0107 oligarchom, wystarczy \u017ce zaczn\u0105 zak\u0142ada\u0107 w\u0142asne sp\u00f3\u0142dzielnie. Je\u015bli potrafi\u0105 monetyzowa\u0107 warto\u015b\u0107 swojego postrzegania \u015bwiata, to zarobi\u0105 na misk\u0119 ry\u017cu.<\/p>\n<p style=\"text-align:justify;\">By\u0142em kiedy\u015b w bookstore w Helsinkach. Sze\u015b\u0107 pi\u0119ter uginaj\u0105cych si\u0119 p\u00f3\u0142ek ksi\u0105\u017cek, gazet i czasopism z ca\u0142ego \u015bwiata. Sztuka pisarska si\u0119 nie ko\u0144czy, ale sta\u0142a normalnym produktem jak ka\u017cdy inny. Utraci\u0142a elitarno\u015b\u0107 z wynalazkiem Gutenberga. Uleg\u0142a ponownej zmianie gdy ka\u017cdy z nas sta\u0142 si\u0119 medialnym tw\u00f3rc\u0105. Podlega klasycznym prawom rynku. To nie kwestia ulegania p\u0142askim gustom czy tabloidyzacji, ale r\u00f3wnie\u017c autorskiego pi\u00f3ra, stylu, rzetelnego i dobrze wypromowanego. Ch\u0142am i Jako\u015b\u0107 promuje si\u0119 tak samo &#8211; tylko Jako\u015b\u0107 czasem w swej megalomanii uwa\u017ca, \u017ce tego nie potrzebuje. Ch\u0142am za to lasowa\u0107 si\u0119 b\u0119dzie agresywnie, wsz\u0119dzie i prostacko. Czas warto\u015bciowych autor\u00f3w napompowanych sw\u0105 wielko\u015bci\u0105 ju\u017c si\u0119 sko\u0144czy\u0142 &#8211; dzi\u015b musz\u0105 wyj\u015b\u0107 do czytelnika. Mo\u017ce dziennikarze zaczn\u0105 solidarnie promowa\u0107 czytelnictwo? Polakom-szarakom by si\u0119 to przyda\u0142o.<\/p>\n<p style=\"text-align:justify;\">Internet sta\u0142 si\u0119 rajem dla tw\u00f3rc\u00f3w tre\u015bci. W tym dla dziennikarzy i os\u00f3b po prostu lubi\u0105cych pisa\u0107. Mamy miliardy stron i wszelakiej ma\u015bci tekst\u00f3w. Jako\u015bciowo dennych i genialnych. Dyskutujmy o ich poziomie i wiarygodno\u015bci, a nie kto jest czy nie dziennikarzem internetowym. \u0141atwo\u015b\u0107 publikacji tekst\u00f3w w sieci prze\u0142ama\u0142a monopol dziennikarzy na opowiadanie ludziom o \u015bwiecie, co oczywi\u015bcie nie spotka\u0142o si\u0119 z ich entuzjazmem. Wspomina\u0142em o tym w notce &#8222;<a href=\"https:\/\/kotarbinski.wordpress.com\/2012\/01\/24\/czerwone-stringi-internauty\/\">Czerwone stringi internauty<\/a>&#8222;.<\/p>\n<p style=\"text-align:justify;\">Dlaczego nie ma znanych dziennikarzy internetowych? Bo s\u0142aw\u0119 medialn\u0105 nakr\u0119caj\u0105 nadal klasyczne media. Po to by sta\u0107 si\u0119 znanym, wystarczy fikn\u0105\u0107 kilka razy nogami na antenie lub nawiedza\u0107 wszystkie mo\u017cliwe telewizje, gdzie dziennikarze przepytuj\u0105 dziennikarzy, kt\u00f3rzy zawzi\u0119cie si\u0119 k\u0142\u00f3c\u0105 na tematy, w kt\u00f3rych nie s\u0105 ekspertami. Eksperci zreszt\u0105 te\u017c si\u0119 k\u0142\u00f3c\u0105. Generalnie media k\u0142\u00f3tliwe s\u0105, bowiem rzeczowa, m\u0105dra i inspiruj\u0105ca dyskusja nie ci\u0105gnie tak s\u0142upk\u00f3w ogl\u0105dalno\u015bci jak krzyki, wojny i \u017cenuj\u0105ce wyst\u0105pienia na antenie. Ale to ju\u017c od rzymskich igrzysk wiadomo.<\/p>\n<p style=\"text-align:justify;\">Nie ukrywam, \u017ce mam problem ze zdefiniowaniem poj\u0119cia &#8222;dziennikarza&#8221; w ostatnich latach. Ot\u00f3\u017c jeden dziennikarz, pisze o innym dziennikarzu, \u017ce by\u0142 pijany na wizji. Gdy tymczasem \u00f3w by\u0142 zwyczajnie, ci\u0119\u017cko chory. [<a href=\"https:\/\/studioopinii.pl\/skandaliczne-klamstwo-wpolityce-pl-i-wsumie-pl\/\">Andrzej Turski, Panorama<\/a>]. Poj\u0119cie &#8222;dziennikarstwa&#8221; mia\u0142o kiedy\u015b sw\u00f3j wymiar i znaczenie. Jakie ma dzi\u015b? Nie musz\u0119 na szcz\u0119\u015bcie odpowiada\u0107 na to pytanie &#8211; pozostawiam je zawodowcom.<\/p>\n<p style=\"text-align:justify;\">Co\u015b si\u0119 ko\u0144czy, co\u015b zaczyna. Konserwatywne dziennikarstwo nie jest ju\u017c pasjonuj\u0105ce dla masowego czytelnika. Jaka formu\u0142a mo\u017ce je zas\u0105pi\u0107? Nie mam poj\u0119cia, ale jestem przekonany \u017ce w ko\u0144cu autorom uda si\u0119 znale\u017a\u0107 atrakcyjn\u0105, m\u0105dr\u0105 i inspiruj\u0105c\u0105 za kt\u00f3r\u0105 \u00f3w chce zap\u0142aci\u0107.<\/p>\n<!-- AddThis Advanced Settings generic via filter on the_content --><!-- AddThis Share Buttons generic via filter on the_content -->","protected":false},"excerpt":{"rendered":"<p>W udzielonym ostatnio wywiadzie dla TOK FK, Wojciech Orli\u0144ski z Gazety Wyborczej sugeruje, \u017ce wsp\u00f3\u0142czesne media staj\u0105 si\u0119 swoistym kaprysem [&hellip;]<!-- AddThis Advanced Settings generic via filter on get_the_excerpt --><!-- AddThis Share Buttons generic via filter on get_the_excerpt --><\/p>\n","protected":false},"author":1,"featured_media":0,"comment_status":"open","ping_status":"open","sticky":false,"template":"","format":"standard","meta":{"om_disable_all_campaigns":false,"_exactmetrics_skip_tracking":false,"_exactmetrics_sitenote_active":false,"_exactmetrics_sitenote_note":"","_exactmetrics_sitenote_category":0,"_monsterinsights_skip_tracking":false,"_monsterinsights_sitenote_active":false,"_monsterinsights_sitenote_note":"","_monsterinsights_sitenote_category":0,"_uf_show_specific_survey":0,"_uf_disable_surveys":false,"site-sidebar-layout":"default","site-content-layout":"","ast-site-content-layout":"default","site-content-style":"default","site-sidebar-style":"default","ast-global-header-display":"","ast-banner-title-visibility":"","ast-main-header-display":"","ast-hfb-above-header-display":"","ast-hfb-below-header-display":"","ast-hfb-mobile-header-display":"","site-post-title":"","ast-breadcrumbs-content":"","ast-featured-img":"","footer-sml-layout":"","ast-disable-related-posts":"","theme-transparent-header-meta":"","adv-header-id-meta":"","stick-header-meta":"","header-above-stick-meta":"","header-main-stick-meta":"","header-below-stick-meta":"","astra-migrate-meta-layouts":"default","ast-page-background-enabled":"default","ast-page-background-meta":{"desktop":{"background-color":"var(--ast-global-color-5)","background-image":"","background-repeat":"repeat","background-position":"center center","background-size":"auto","background-attachment":"scroll","background-type":"","background-media":"","overlay-type":"","overlay-color":"","overlay-opacity":"","overlay-gradient":""},"tablet":{"background-color":"","background-image":"","background-repeat":"repeat","background-position":"center center","background-size":"auto","background-attachment":"scroll","background-type":"","background-media":"","overlay-type":"","overlay-color":"","overlay-opacity":"","overlay-gradient":""},"mobile":{"background-color":"","background-image":"","background-repeat":"repeat","background-position":"center center","background-size":"auto","background-attachment":"scroll","background-type":"","background-media":"","overlay-type":"","overlay-color":"","overlay-opacity":"","overlay-gradient":""}},"ast-content-background-meta":{"desktop":{"background-color":"var(--ast-global-color-4)","background-image":"","background-repeat":"repeat","background-position":"center center","background-size":"auto","background-attachment":"scroll","background-type":"","background-media":"","overlay-type":"","overlay-color":"","overlay-opacity":"","overlay-gradient":""},"tablet":{"background-color":"var(--ast-global-color-4)","background-image":"","background-repeat":"repeat","background-position":"center center","background-size":"auto","background-attachment":"scroll","background-type":"","background-media":"","overlay-type":"","overlay-color":"","overlay-opacity":"","overlay-gradient":""},"mobile":{"background-color":"var(--ast-global-color-4)","background-image":"","background-repeat":"repeat","background-position":"center center","background-size":"auto","background-attachment":"scroll","background-type":"","background-media":"","overlay-type":"","overlay-color":"","overlay-opacity":"","overlay-gradient":""}},"jetpack_post_was_ever_published":false,"_jetpack_newsletter_access":"","_jetpack_dont_email_post_to_subs":false,"_jetpack_newsletter_tier_id":0,"_jetpack_memberships_contains_paywalled_content":false,"_jetpack_memberships_contains_paid_content":false,"footnotes":"","jetpack_publicize_message":"","jetpack_publicize_feature_enabled":true,"jetpack_social_post_already_shared":false,"jetpack_social_options":{"image_generator_settings":{"template":"highway","default_image_id":0,"font":"","enabled":false},"version":2}},"categories":[747],"tags":[90,94,173,211,279,376,566,640,688],"class_list":["post-2474","post","type-post","status-publish","format-standard","hentry","category-marketing","tag-blog","tag-blog-o-marketingu","tag-dziennikarstwo","tag-gazeta-wyborcza","tag-internet","tag-marketing","tag-rynkologia","tag-tok-fm","tag-wojciech-orlinski"],"aioseo_notices":[],"jetpack_publicize_connections":[],"jetpack_featured_media_url":"","jetpack_shortlink":"https:\/\/wp.me\/paKYj5-DU","jetpack_sharing_enabled":true,"_links":{"self":[{"href":"https:\/\/kotarbinski.com\/blogomarketingu\/wp-json\/wp\/v2\/posts\/2474","targetHints":{"allow":["GET"]}}],"collection":[{"href":"https:\/\/kotarbinski.com\/blogomarketingu\/wp-json\/wp\/v2\/posts"}],"about":[{"href":"https:\/\/kotarbinski.com\/blogomarketingu\/wp-json\/wp\/v2\/types\/post"}],"author":[{"embeddable":true,"href":"https:\/\/kotarbinski.com\/blogomarketingu\/wp-json\/wp\/v2\/users\/1"}],"replies":[{"embeddable":true,"href":"https:\/\/kotarbinski.com\/blogomarketingu\/wp-json\/wp\/v2\/comments?post=2474"}],"version-history":[{"count":1,"href":"https:\/\/kotarbinski.com\/blogomarketingu\/wp-json\/wp\/v2\/posts\/2474\/revisions"}],"predecessor-version":[{"id":6063,"href":"https:\/\/kotarbinski.com\/blogomarketingu\/wp-json\/wp\/v2\/posts\/2474\/revisions\/6063"}],"wp:attachment":[{"href":"https:\/\/kotarbinski.com\/blogomarketingu\/wp-json\/wp\/v2\/media?parent=2474"}],"wp:term":[{"taxonomy":"category","embeddable":true,"href":"https:\/\/kotarbinski.com\/blogomarketingu\/wp-json\/wp\/v2\/categories?post=2474"},{"taxonomy":"post_tag","embeddable":true,"href":"https:\/\/kotarbinski.com\/blogomarketingu\/wp-json\/wp\/v2\/tags?post=2474"}],"curies":[{"name":"wp","href":"https:\/\/api.w.org\/{rel}","templated":true}]}}