{"id":6624,"date":"2018-11-11T09:28:21","date_gmt":"2018-11-11T09:28:21","guid":{"rendered":"https:\/\/kotarbinski.wordpress.com\/?p=6022"},"modified":"2019-02-17T10:07:07","modified_gmt":"2019-02-17T10:07:07","slug":"mialem-polski-sen","status":"publish","type":"post","link":"https:\/\/kotarbinski.com\/blogomarketingu\/mialem-polski-sen\/","title":{"rendered":"Mia\u0142em polski sen"},"content":{"rendered":"<p style=\"text-align:justify;\"><span style=\"color:#000000;\">100 lat temu Polska sta\u0142a si\u0119 wolna.\u00a04 czerwca 1989r. Polacy podpisali proklamacj\u0119 polskiego wyzwolenia. Ten wa\u017cny akt sta\u0142 si\u0119 \u015bwiat\u0142em nadziei milion\u00f3w Polak\u00f3w, kt\u00f3rzy spalali si\u0119 w p\u0142omieniach mia\u017cd\u017c\u0105cej niesprawiedliwo\u015bci komunizmu. <\/span><\/p>\n<p><img loading=\"lazy\" decoding=\"async\" class=\"alignnone size-full wp-image-6023\" src=\"https:\/\/kotarbinski.files.wordpress.com\/2018\/11\/jacek-kotarbinski-blog-o-marketingu-mialem-polski-sen.png\" alt=\"jacek kotarbinski blog o marketingu mialem polski sen.png\" width=\"1024\" height=\"616\" \/><\/p>\n<p><!--more--><\/p>\n<p style=\"text-align:justify;\"><span style=\"color:#000000;\">Ten dzie\u0144 sta\u0142 si\u0119 radosnym \u015bwitem ko\u0144cz\u0105cym d\u0142ug\u0105 noc ich niewoli. Ale 27 lat p\u00f3\u017aniej, Polak ponownie przesta\u0142 by\u0107 wolny, 27 lat p\u00f3\u017aniej \u017cycie Polaka staje si\u0119 na nowo parali\u017cowane przez kajdany umys\u0142owego zniewolenia i \u0142a\u0144cuchy mentalnej dyskryminacji. 27 lat p\u00f3\u017aniej wielu Polak\u00f3w \u017cyje na samotnej wyspie intelektualnej biedy, po\u015brodku olbrzymiego oceanu tabloid\u00f3w i medialnej manipulacji. 27 lat p\u00f3\u017aniej Polak wci\u0105\u017c pozostaje s\u0142aby i nieskuteczny w meandrach chamskiego i roszczeniowego, polskiego spo\u0142ecze\u0144stwa, tu\u0142a si\u0119 po intelektualnych gettach w\u0142asnego kraju.<\/span><\/p>\n<p><span style=\"color:#000000;\">W pewnym sensie przybyli\u015bmy do Warszawy, by zrealizowa\u0107 czek. Kiedy tw\u00f3rcy Polski pisali wspania\u0142e s\u0142owa naszej Konstytucji, podpisali tym obietnic\u0119, kt\u00f3rej podlega ka\u017cdy Polak. Ten zapis by\u0142 obietnic\u0105, \u017ce wszyscy ludzie, tak o pogl\u0105dach lewicowych czy prawicowych, b\u0119d\u0105 mieli zagwarantowane niezbywalne prawo do \u017cycia, wolno\u015bci oraz d\u0105\u017cenia do szcz\u0119\u015bcia. Dzi\u015b jest to oczywiste, \u017ce Polska nie dotrzyma\u0142a tej obietnicy, a jej mieszka\u0144cy, o r\u00f3\u017cnych pogl\u0105dach, s\u0105 zaniepokojeni. Zamiast honorowa\u0107 to \u015bwi\u0119te zobowi\u0105zanie, Polska da\u0142a swoim obywatelom z\u0142y czek, czek kt\u00f3ry wraca z podpisem \u201eniewystarczaj\u0105ce fundusze\u201d. Ale my nie wierzymy, \u017ce bank sprawiedliwo\u015bci zbankrutowa\u0142. Nie wierzymy, \u017ce we wspania\u0142ym grobowcu mo\u017cliwo\u015bci Polski, mog\u0105 by\u0107 niewystarczaj\u0105ce fundusze. Tak wi\u0119c przybyli\u015bmy zrealizowa\u0107 ten czek, kt\u00f3ry da nam podstaw\u0119 \u017c\u0105dania bogactwa wolno\u015bci Polski i gwarancji jej sprawiedliwo\u015bci. Przybyli\u015bmy by przypomnie\u0107 Polsce o pal\u0105cej, nag\u0142ej potrzebie dzisiejszego dnia. To nie czas by anga\u017cowa\u0107 si\u0119 w luksus uspokojenia lub bra\u0107 sedatywny lek gradualizmu. Teraz jest czas by uczyni\u0107 prawdziw\u0105 obietnice demokracji, teraz jest czas by wyj\u015b\u0107 z ciemnego i izolowanego pado\u0142u segregacji polskich umys\u0142\u00f3w, na nas\u0142onecznion\u0105 drog\u0119 szacunku do w\u0142asnych pogl\u0105d\u00f3w. Teraz jest czas by uczyni\u0107 prawdziw\u0105 obietnic\u0119 demokracji, teraz jest czas by wyj\u015b\u0107 z ciemnego i izolowanego pado\u0142u segregacji polskich umys\u0142\u00f3w, na nas\u0142onecznion\u0105 drog\u0119 szacunku do w\u0142asnych pogl\u0105d\u00f3w, teraz jest czas by d\u017awign\u0105c nasz nar\u00f3d z ruchomych piask\u00f3w wzajemnego obwiniania si\u0119 do solidnej ska\u0142y polskiego, wzajemnego braterstwa, teraz jest czas by stworzy\u0107 rzeczywist\u0105 sprawiedliwo\u015b\u0107 dla wszystkich dzieci Boga.<\/span><\/p>\n<p><span style=\"color:#ff0000;\"><strong>W procesie uzyskiwania wzajemnego szacunku musimy by\u0107 niewinni bezprawnych czyn\u00f3w. <\/strong><\/span><\/p>\n<p style=\"text-align:justify;\"><span style=\"color:#000000;\">Pozw\u00f3lmy sobie nie szuka\u0107 zaspokojenia pragnienia wolno\u015bci w piciu z fili\u017canki goryczy i nienawi\u015bci. Musimy zawsze prowadzi\u0107 nasz\u0105 walk\u0119 na najwy\u017cszym poziomie godno\u015bci i dyscypliny. Nie mo\u017cemy pozwoli\u0107 by nasz tw\u00f3rczy proces przerodzi\u0142 si\u0119 w fizyczn\u0105 przemoc. Jeszcze raz i jeszcze raz musimy wznie\u015b\u0107 si\u0119 do majestatycznej wysoko\u015bci, gdzie spotykaj\u0105 si\u0119 si\u0142a psychiczna z si\u0142a duchow\u0105.<\/span><\/p>\n<p><span style=\"color:#000000;\">Fenomenalna, polska bojowo\u015b\u0107, kt\u00f3ra popycha\u0142a nas w naszej historii wiele razy, nie mo\u017ce nas prowadzi\u0107 do nieufno\u015bci wobec ca\u0142ego \u015bwiata. Wielu naszych europejskich i ameruka\u0144skich braci na ca\u0142ym \u015bwiecie zrozumia\u0142o, \u017ce ich przeznaczenie jest powi\u0105zane z naszym przeznaczeniem, \u017ce ich wolno\u015b\u0107 jest nierozerwalnie zwi\u0105zana z nasz\u0105 wolno\u015bci\u0105. Nie mo\u017cemy i\u015b\u0107 sami. A jak b\u0119dziemy szli, musimy zobowi\u0105za\u0107 si\u0119, \u017ce zawsze Polak b\u0119dzie maszerowa\u0107 naprz\u00f3d. Nie mo\u017cemy zawr\u00f3ci\u0107. S\u0105 tacy, kt\u00f3rzy pytaj\u0105 \u201ekiedy b\u0119dziecie zadowoleni\u201d. Nigdy nie b\u0119dziemy zadowoleni, jak d\u0142ugo Polak jest ofiar\u0105 niewypowiedzianego horroru medialnej brutalno\u015bci, politycznej nieuczciwo\u015bci i propagandowej manipulacji. Nigdy nie b\u0119dziemy zadowoleni, jak d\u0142ugo b\u0119dziemy kneblowani i ok\u0142amywani. Nigdy nie b\u0119dziemy zadowoleni, jak d\u0142ugo b\u0119dziemy oszukiwani i wyszydzani. Nie, nie jeste\u015bmy zadowoleni, i wci\u0105\u017c nie b\u0119dziemy zadowoleni p\u00f3ki sprawiedliwo\u015b\u0107 nie rozleje si\u0119 jak wody, a prawo\u015b\u0107 nie wyp\u0142ynie jak pot\u0119\u017cny strumie\u0144.<\/span><\/p>\n<p><span style=\"color:#000000;\">Nie pozw\u00f3lmy sobie tarza\u0107 si\u0119 w tym padole rozpaczy. Tak wi\u0119c m\u00f3wi\u0119 do was moi przyjaciele, \u017ce nawet cho\u0107by\u015bmy mieli napotka\u0107 trudno\u015bci dzi\u015b i jutro, wci\u0105\u017c mam marzenie. To marzenie g\u0142\u0119boko zakorzenione w polskim marzeniu, \u017ce pewnego dnia ten nar\u00f3d powstanie i prze\u017cyje prawdziwe znaczenie swego kredo: trzymamy si\u0119 tych prawd by by\u0142o oczywiste, \u017ce wszyscy ludzie, stworzeni zostali r\u00f3wnymi. Mam marzenie, \u017ce pewnego dnia na cz\u0119stochowskich b\u0142oniach u st\u00f3p klasztoru, synowie prawicowi i lewicowi b\u0119d\u0105 mogli usi\u0105\u015b\u0107 razem i wsp\u00f3\u0142nie \u017cartowa\u0107 przy stole braterstwa. Mam marzenie, \u017ce czw\u00f3rka ma\u0142ych dzieci b\u0119dzie pewnego dnia \u017cy\u0142a w kraju, gdzie ich rodzice w szkole nie b\u0119d\u0105 s\u0105dzeni po wyra\u017canych pogl\u0105dach, ale po istocie ich osobowo\u015bci. Mam dzi\u015b marzenie!<\/span><\/p>\n<p style=\"text-align:justify;\"><span style=\"color:#ff0000;\"><strong>Mam dzi\u015b marzenie!<\/strong><\/span><\/p>\n<p><span style=\"color:#000000;\">Mam marzenie, \u017ce pewnego dnia ka\u017cda polska dolina b\u0119dzie wyniesiona, ka\u017cdy szczyt i g\u00f3ra obni\u017cona, szorstkie miejsca wyg\u0142adzone, krzywe wyprostowane, a chwa\u0142a Pana objawiona i wszyscy ludzie to razem zobacz\u0105. To nasza nadzieja. To jest wiara.<\/span><\/p>\n<p><span style=\"color:#000000;\">Z t\u0105 wiar\u0105 b\u0119dziemy mogli wyku\u0107 z g\u00f3ry rozpaczy ska\u0142\u0119 nadziei. Z t\u0105 wiar\u0105 b\u0119dziemy zdolni do zmiany brz\u0119cz\u0105cych dysonans\u00f3w w naszym kraju w pi\u0119kn\u0105 symfoni\u0119 braterstwa. Z t\u0105 wiar\u0105 b\u0119dziemy zdolni do wsp\u00f3lnego dzia\u0142ania, do wsp\u00f3lnej modlitwy, do wsp\u00f3lnej walki, do p\u00f3j\u015bcia razem do wi\u0119zienia, do wsp\u00f3lnego stani\u0119cia w obronie wolno\u015bci, wiedz\u0105c, \u017ce pewnego dnia b\u0119dziemy wolni.<\/span><\/p>\n<blockquote>\n<p style=\"text-align:justify;\"><span style=\"color:#ff0000;\"><strong>Je\u015bli Polska ma by\u0107 wielkim narodem, to musi sta\u0107 si\u0119 prawd\u0105.<\/strong><\/span><\/p>\n<\/blockquote>\n<p style=\"text-align:justify;\"><span style=\"color:#000000;\">Niech wolno\u015b\u0107 zabrzmi z ogromnych szczyt\u00f3w Tatr. Niech wolno\u015b\u0107 zabrzmi z pot\u0119\u017cnych r\u00f3wnin Mazowsza. Niech wolno\u015b\u0107 zabrzmi ze \u015bl\u0105skich szyb\u00f3w. Niech wolno\u015b\u0107 zabrzmi z Wilanowa, Ba\u0142ut i Nowego Portu. Niech wolno\u015b\u0107 zabrzmi spod gda\u0144skich krzy\u017cy. Ale nie tylko stamt\u0105d. Niech wolno\u015b\u0107 zabrzmi z pozna\u0144skiego, czerwcowego bruku. Niech wolno\u015b\u0107 zabrzmi z gdy\u0144skiego mostu. Niech wolno\u015b\u0107 zabrzmi z grobu warszawskiego, ma\u0142ego Powsta\u0144ca. Niech wolno\u015b\u0107 zabrzmi z ka\u017cdego wzg\u00f3rza i pag\u00f3rka tego um\u0119czonego kraju, z ka\u017cdej strony wzniesie\u0144 niech zabrzmi wolno\u015b\u0107.<\/span><\/p>\n<p><span style=\"color:#000000;\">Kiedy to si\u0119 stanie, kiedy pozwolimy zabrzmie\u0107 wolno\u015bci, kiedy pozwolimy jej zabrzmie\u0107 z ka\u017cdego miasteczka i wioski Polski, z ka\u017cdej gminy i miasta, b\u0119dziemy mogli przyspieszy\u0107 nadej\u015bcie tego dnia, kiedy wszystkie dzieci Boga \u2013 od lewa do prawa, \u017bydzi i inne narody, katolicy i protestanci \u2013 b\u0119d\u0105 mogli wzi\u0105\u0107 si\u0119 za r\u0119ce i \u015bpiewa\u0107 s\u0142owa: \u2018Jeszcze Polska nie zgin\u0119\u0142a, <span style=\"text-decoration:underline;\">p\u00f3ki<\/span> my \u017cyjemy\u201d.<\/span><\/p>\n<p><em><span style=\"color:#000000;\"><span class=\"_4yxp\">Tekst jest moj\u0105 autorsk\u0105 parafraz\u0105 legendarnego przem\u00f3wienia Martina Luthera Kinga &#8211; &#8222;I have a dream&#8221; (Waszyngton 1963).\u00a0<\/span><\/span><\/em><\/p>\n<p style=\"text-align:justify;\"><em><span style=\"color:#000000;\"><span class=\"_4yxp\">Orygina\u0142: <\/span><a style=\"color:#000000;\" href=\"https:\/\/www.americanrhetoric.com\/speeches\/mlkihaveadream.htm?fbclid=IwAR2uYmuOhEI8a24kmGU42axmS4rvQtyyURP3qIm5QKkKYA7SiTeUblY8ipA\" target=\"_blank\" rel=\"noopener nofollow\"><span class=\"_4yxp\">https:\/\/www.americanrhetoric.com\/speeches\/mlkihaveadream.htm<\/span><\/a><\/span><\/em><\/p>\n<!-- AddThis Advanced Settings generic via filter on the_content --><!-- AddThis Share Buttons generic via filter on the_content -->","protected":false},"excerpt":{"rendered":"<p>100 lat temu Polska sta\u0142a si\u0119 wolna.\u00a04 czerwca 1989r. Polacy podpisali proklamacj\u0119 polskiego wyzwolenia. Ten wa\u017cny akt sta\u0142 si\u0119 \u015bwiat\u0142em [&hellip;]<!-- AddThis Advanced Settings generic via filter on get_the_excerpt --><!-- AddThis Share Buttons generic via filter on get_the_excerpt --><\/p>\n","protected":false},"author":1,"featured_media":0,"comment_status":"open","ping_status":"open","sticky":false,"template":"","format":"standard","meta":{"om_disable_all_campaigns":false,"_exactmetrics_skip_tracking":false,"_exactmetrics_sitenote_active":false,"_exactmetrics_sitenote_note":"","_exactmetrics_sitenote_category":0,"_monsterinsights_skip_tracking":false,"_monsterinsights_sitenote_active":false,"_monsterinsights_sitenote_note":"","_monsterinsights_sitenote_category":0,"_uf_show_specific_survey":0,"_uf_disable_surveys":false,"site-sidebar-layout":"default","site-content-layout":"","ast-site-content-layout":"default","site-content-style":"default","site-sidebar-style":"default","ast-global-header-display":"","ast-banner-title-visibility":"","ast-main-header-display":"","ast-hfb-above-header-display":"","ast-hfb-below-header-display":"","ast-hfb-mobile-header-display":"","site-post-title":"","ast-breadcrumbs-content":"","ast-featured-img":"","footer-sml-layout":"","ast-disable-related-posts":"","theme-transparent-header-meta":"","adv-header-id-meta":"","stick-header-meta":"","header-above-stick-meta":"","header-main-stick-meta":"","header-below-stick-meta":"","astra-migrate-meta-layouts":"default","ast-page-background-enabled":"default","ast-page-background-meta":{"desktop":{"background-color":"var(--ast-global-color-5)","background-image":"","background-repeat":"repeat","background-position":"center center","background-size":"auto","background-attachment":"scroll","background-type":"","background-media":"","overlay-type":"","overlay-color":"","overlay-opacity":"","overlay-gradient":""},"tablet":{"background-color":"","background-image":"","background-repeat":"repeat","background-position":"center center","background-size":"auto","background-attachment":"scroll","background-type":"","background-media":"","overlay-type":"","overlay-color":"","overlay-opacity":"","overlay-gradient":""},"mobile":{"background-color":"","background-image":"","background-repeat":"repeat","background-position":"center center","background-size":"auto","background-attachment":"scroll","background-type":"","background-media":"","overlay-type":"","overlay-color":"","overlay-opacity":"","overlay-gradient":""}},"ast-content-background-meta":{"desktop":{"background-color":"var(--ast-global-color-4)","background-image":"","background-repeat":"repeat","background-position":"center center","background-size":"auto","background-attachment":"scroll","background-type":"","background-media":"","overlay-type":"","overlay-color":"","overlay-opacity":"","overlay-gradient":""},"tablet":{"background-color":"var(--ast-global-color-4)","background-image":"","background-repeat":"repeat","background-position":"center center","background-size":"auto","background-attachment":"scroll","background-type":"","background-media":"","overlay-type":"","overlay-color":"","overlay-opacity":"","overlay-gradient":""},"mobile":{"background-color":"var(--ast-global-color-4)","background-image":"","background-repeat":"repeat","background-position":"center center","background-size":"auto","background-attachment":"scroll","background-type":"","background-media":"","overlay-type":"","overlay-color":"","overlay-opacity":"","overlay-gradient":""}},"jetpack_post_was_ever_published":false,"_jetpack_newsletter_access":"","_jetpack_dont_email_post_to_subs":false,"_jetpack_newsletter_tier_id":0,"_jetpack_memberships_contains_paywalled_content":false,"_jetpack_memberships_contains_paid_content":false,"footnotes":"","jetpack_publicize_message":"","jetpack_publicize_feature_enabled":true,"jetpack_social_post_already_shared":false,"jetpack_social_options":{"image_generator_settings":{"template":"highway","default_image_id":0,"font":"","enabled":false},"version":2}},"categories":[753],"tags":[861,863,396,862,495,601],"class_list":["post-6624","post","type-post","status-publish","format-standard","hentry","category-takietam","tag-takietam","tag-martin-luther-king","tag-media","tag-polak-szarak","tag-polska","tag-spoleczenstwo"],"aioseo_notices":[],"jetpack_publicize_connections":[],"jetpack_featured_media_url":"","jetpack_shortlink":"https:\/\/wp.me\/paKYj5-1IQ","jetpack_sharing_enabled":true,"_links":{"self":[{"href":"https:\/\/kotarbinski.com\/blogomarketingu\/wp-json\/wp\/v2\/posts\/6624","targetHints":{"allow":["GET"]}}],"collection":[{"href":"https:\/\/kotarbinski.com\/blogomarketingu\/wp-json\/wp\/v2\/posts"}],"about":[{"href":"https:\/\/kotarbinski.com\/blogomarketingu\/wp-json\/wp\/v2\/types\/post"}],"author":[{"embeddable":true,"href":"https:\/\/kotarbinski.com\/blogomarketingu\/wp-json\/wp\/v2\/users\/1"}],"replies":[{"embeddable":true,"href":"https:\/\/kotarbinski.com\/blogomarketingu\/wp-json\/wp\/v2\/comments?post=6624"}],"version-history":[{"count":1,"href":"https:\/\/kotarbinski.com\/blogomarketingu\/wp-json\/wp\/v2\/posts\/6624\/revisions"}],"predecessor-version":[{"id":6653,"href":"https:\/\/kotarbinski.com\/blogomarketingu\/wp-json\/wp\/v2\/posts\/6624\/revisions\/6653"}],"wp:attachment":[{"href":"https:\/\/kotarbinski.com\/blogomarketingu\/wp-json\/wp\/v2\/media?parent=6624"}],"wp:term":[{"taxonomy":"category","embeddable":true,"href":"https:\/\/kotarbinski.com\/blogomarketingu\/wp-json\/wp\/v2\/categories?post=6624"},{"taxonomy":"post_tag","embeddable":true,"href":"https:\/\/kotarbinski.com\/blogomarketingu\/wp-json\/wp\/v2\/tags?post=6624"}],"curies":[{"name":"wp","href":"https:\/\/api.w.org\/{rel}","templated":true}]}}